{"id":846,"date":"2015-10-28T13:37:31","date_gmt":"2015-10-28T12:37:31","guid":{"rendered":"https:\/\/www.alimentoslapedriza.com\/?p=846"},"modified":"2023-09-25T09:30:06","modified_gmt":"2023-09-25T07:30:06","slug":"frio-y-cuchareo","status":"publish","type":"post","link":"https:\/\/www.alimentoslapedriza.com\/en\/blog\/frio-y-cuchareo\/","title":{"rendered":"Fr\u00edo y Cuchareo"},"content":{"rendered":"<p>Llega el fr\u00edo y, para combatirlo, una de las mejores armas es\u2026 \u00a1La cuchara!<\/p>\n<p>Y es que con este tiempo vuelven las ganas de un plato bien calentito para sobrellevarlo a la hora de comer. Vuelve la \u00e9poca de los pucheros de la abuela, de las lentejas de la suegra, de los cocidos familiares\u2026 Vuelve la \u00e9poca de \u201cEl Cuchareo\u201d.<\/p>\n<p>El Cuchareo es ese ritual tradicional que ha pasado de generaci\u00f3n en generaci\u00f3n y que nos aborda durante toda la temporada de oto\u00f1o-invierno y que nos hace disfrutar del arte gastron\u00f3mico que tienen esos platos que com\u00edas en casa de tu abuela cuando eras ni\u00f1o y que ahora eres t\u00fa quien lo comparte con tus familiares e hijos.<\/p>\n<p>No te pierdas las recetas, los trucos, las curiosidades y dem\u00e1s publicaciones que haremos sobre el cuchareo.<\/p>\n<p>\u00a1\u00a1A combatir el fr\u00edo se ha dicho!!<\/p>\n","protected":false},"excerpt":{"rendered":"<p>Llega el fr\u00edo y, para combatirlo, una de las mejores armas es\u2026 \u00a1La cuchara! Y es que con este tiempo vuelven las ganas de un plato bien calentito para sobrellevarlo a la hora de comer. Vuelve la \u00e9poca de los pucheros de la abuela, de las lentejas de la suegra, de los cocidos familiares\u2026 Vuelve [&hellip;]<\/p>\n","protected":false},"author":1,"featured_media":2044,"comment_status":"open","ping_status":"open","sticky":false,"template":"","format":"standard","meta":{"_acf_changed":false,"site-sidebar-layout":"default","site-content-layout":"","ast-site-content-layout":"default","site-content-style":"default","site-sidebar-style":"default","ast-global-header-display":"","ast-banner-title-visibility":"","ast-main-header-display":"","ast-hfb-above-header-display":"","ast-hfb-below-header-display":"","ast-hfb-mobile-header-display":"","site-post-title":"","ast-breadcrumbs-content":"","ast-featured-img":"","footer-sml-layout":"","ast-disable-related-posts":"","theme-transparent-header-meta":"default","adv-header-id-meta":"","stick-header-meta":"","header-above-stick-meta":"","header-main-stick-meta":"","header-below-stick-meta":"","astra-migrate-meta-layouts":"set","ast-page-background-enabled":"default","ast-page-background-meta":{"desktop":{"background-color":"var(--ast-global-color-4)","background-image":"","background-repeat":"repeat","background-position":"center center","background-size":"auto","background-attachment":"scroll","background-type":"","background-media":"","overlay-type":"","overlay-color":"","overlay-opacity":"","overlay-gradient":""},"tablet":{"background-color":"","background-image":"","background-repeat":"repeat","background-position":"center center","background-size":"auto","background-attachment":"scroll","background-type":"","background-media":"","overlay-type":"","overlay-color":"","overlay-opacity":"","overlay-gradient":""},"mobile":{"background-color":"","background-image":"","background-repeat":"repeat","background-position":"center center","background-size":"auto","background-attachment":"scroll","background-type":"","background-media":"","overlay-type":"","overlay-color":"","overlay-opacity":"","overlay-gradient":""}},"ast-content-background-meta":{"desktop":{"background-color":"var(--ast-global-color-5)","background-image":"","background-repeat":"repeat","background-position":"center center","background-size":"auto","background-attachment":"scroll","background-type":"","background-media":"","overlay-type":"","overlay-color":"","overlay-opacity":"","overlay-gradient":""},"tablet":{"background-color":"var(--ast-global-color-5)","background-image":"","background-repeat":"repeat","background-position":"center center","background-size":"auto","background-attachment":"scroll","background-type":"","background-media":"","overlay-type":"","overlay-color":"","overlay-opacity":"","overlay-gradient":""},"mobile":{"background-color":"var(--ast-global-color-5)","background-image":"","background-repeat":"repeat","background-position":"center center","background-size":"auto","background-attachment":"scroll","background-type":"","background-media":"","overlay-type":"","overlay-color":"","overlay-opacity":"","overlay-gradient":""}},"footnotes":""},"categories":[30,154],"tags":[39,40,41,42],"class_list":["post-846","post","type-post","status-publish","format-standard","has-post-thumbnail","hentry","category-noticias","category-ninos","tag-caliente","tag-cuchara","tag-cuchareo","tag-frio"],"acf":[],"yoast_head":"<!-- This site is optimized with the Yoast SEO plugin v27.4 - https:\/\/yoast.com\/product\/yoast-seo-wordpress\/ -->\n<title>Fr\u00edo y Cuchareo - Alimentos La Pedriza<\/title>\n<meta name=\"robots\" content=\"index, follow, max-snippet:-1, max-image-preview:large, max-video-preview:-1\" \/>\n<link rel=\"canonical\" href=\"https:\/\/www.alimentoslapedriza.com\/en\/blog\/frio-y-cuchareo\/\" \/>\n<meta property=\"og:locale\" content=\"es_ES\" \/>\n<meta property=\"og:type\" content=\"article\" \/>\n<meta property=\"og:title\" content=\"Fr\u00edo y Cuchareo - Alimentos La Pedriza\" \/>\n<meta property=\"og:description\" content=\"Llega el fr\u00edo y, para combatirlo, una de las mejores armas es\u2026 \u00a1La cuchara! Y es que con este tiempo vuelven las ganas de un plato bien calentito para sobrellevarlo a la hora de comer. Vuelve la \u00e9poca de los pucheros de la abuela, de las lentejas de la suegra, de los cocidos familiares\u2026 Vuelve [&hellip;]\" \/>\n<meta property=\"og:url\" content=\"https:\/\/www.alimentoslapedriza.com\/en\/blog\/frio-y-cuchareo\/\" \/>\n<meta property=\"og:site_name\" content=\"Alimentos La Pedriza\" \/>\n<meta property=\"article:published_time\" content=\"2015-10-28T12:37:31+00:00\" \/>\n<meta property=\"article:modified_time\" content=\"2023-09-25T07:30:06+00:00\" \/>\n<meta property=\"og:image\" content=\"https:\/\/www.alimentoslapedriza.com\/en\/wp-content\/uploads\/sites\/11\/2015\/10\/slide12.jpg\" \/>\n\t<meta property=\"og:image:width\" content=\"2048\" \/>\n\t<meta property=\"og:image:height\" content=\"1042\" \/>\n\t<meta property=\"og:image:type\" content=\"image\/jpeg\" \/>\n<meta name=\"author\" content=\"iBrenoc\" \/>\n<meta name=\"twitter:card\" content=\"summary_large_image\" \/>\n<meta name=\"twitter:label1\" content=\"Escrito por\" \/>\n\t<meta name=\"twitter:data1\" content=\"iBrenoc\" \/>\n\t<meta name=\"twitter:label2\" content=\"Tiempo de lectura\" \/>\n\t<meta name=\"twitter:data2\" content=\"1 minuto\" \/>\n<script type=\"application\/ld+json\" class=\"yoast-schema-graph\">{\"@context\":\"https:\\\/\\\/schema.org\",\"@graph\":[{\"@type\":\"Article\",\"@id\":\"https:\\\/\\\/www.alimentoslapedriza.com\\\/en\\\/blog\\\/frio-y-cuchareo\\\/#article\",\"isPartOf\":{\"@id\":\"https:\\\/\\\/www.alimentoslapedriza.com\\\/en\\\/blog\\\/frio-y-cuchareo\\\/\"},\"author\":{\"name\":\"iBrenoc\",\"@id\":\"https:\\\/\\\/www.alimentoslapedriza.com\\\/en\\\/#\\\/schema\\\/person\\\/33591e0e18f812251967156e9f483659\"},\"headline\":\"Fr\u00edo y Cuchareo\",\"datePublished\":\"2015-10-28T12:37:31+00:00\",\"dateModified\":\"2023-09-25T07:30:06+00:00\",\"mainEntityOfPage\":{\"@id\":\"https:\\\/\\\/www.alimentoslapedriza.com\\\/en\\\/blog\\\/frio-y-cuchareo\\\/\"},\"wordCount\":155,\"commentCount\":0,\"publisher\":{\"@id\":\"https:\\\/\\\/www.alimentoslapedriza.com\\\/en\\\/#organization\"},\"image\":{\"@id\":\"https:\\\/\\\/www.alimentoslapedriza.com\\\/en\\\/blog\\\/frio-y-cuchareo\\\/#primaryimage\"},\"thumbnailUrl\":\"https:\\\/\\\/www.alimentoslapedriza.com\\\/en\\\/wp-content\\\/uploads\\\/sites\\\/11\\\/2015\\\/10\\\/slide12.jpg\",\"keywords\":[\"caliente\",\"cuchara\",\"cuchareo\",\"frio\"],\"articleSection\":[\"Blog\",\"Ni\u00f1os\"],\"inLanguage\":\"es\",\"potentialAction\":[{\"@type\":\"CommentAction\",\"name\":\"Comment\",\"target\":[\"https:\\\/\\\/www.alimentoslapedriza.com\\\/en\\\/blog\\\/frio-y-cuchareo\\\/#respond\"]}]},{\"@type\":\"WebPage\",\"@id\":\"https:\\\/\\\/www.alimentoslapedriza.com\\\/en\\\/blog\\\/frio-y-cuchareo\\\/\",\"url\":\"https:\\\/\\\/www.alimentoslapedriza.com\\\/en\\\/blog\\\/frio-y-cuchareo\\\/\",\"name\":\"Fr\u00edo y Cuchareo - Alimentos La Pedriza\",\"isPartOf\":{\"@id\":\"https:\\\/\\\/www.alimentoslapedriza.com\\\/en\\\/#website\"},\"primaryImageOfPage\":{\"@id\":\"https:\\\/\\\/www.alimentoslapedriza.com\\\/en\\\/blog\\\/frio-y-cuchareo\\\/#primaryimage\"},\"image\":{\"@id\":\"https:\\\/\\\/www.alimentoslapedriza.com\\\/en\\\/blog\\\/frio-y-cuchareo\\\/#primaryimage\"},\"thumbnailUrl\":\"https:\\\/\\\/www.alimentoslapedriza.com\\\/en\\\/wp-content\\\/uploads\\\/sites\\\/11\\\/2015\\\/10\\\/slide12.jpg\",\"datePublished\":\"2015-10-28T12:37:31+00:00\",\"dateModified\":\"2023-09-25T07:30:06+00:00\",\"breadcrumb\":{\"@id\":\"https:\\\/\\\/www.alimentoslapedriza.com\\\/en\\\/blog\\\/frio-y-cuchareo\\\/#breadcrumb\"},\"inLanguage\":\"es\",\"potentialAction\":[{\"@type\":\"ReadAction\",\"target\":[\"https:\\\/\\\/www.alimentoslapedriza.com\\\/en\\\/blog\\\/frio-y-cuchareo\\\/\"]}]},{\"@type\":\"ImageObject\",\"inLanguage\":\"es\",\"@id\":\"https:\\\/\\\/www.alimentoslapedriza.com\\\/en\\\/blog\\\/frio-y-cuchareo\\\/#primaryimage\",\"url\":\"https:\\\/\\\/www.alimentoslapedriza.com\\\/en\\\/wp-content\\\/uploads\\\/sites\\\/11\\\/2015\\\/10\\\/slide12.jpg\",\"contentUrl\":\"https:\\\/\\\/www.alimentoslapedriza.com\\\/en\\\/wp-content\\\/uploads\\\/sites\\\/11\\\/2015\\\/10\\\/slide12.jpg\",\"width\":2048,\"height\":1042},{\"@type\":\"BreadcrumbList\",\"@id\":\"https:\\\/\\\/www.alimentoslapedriza.com\\\/en\\\/blog\\\/frio-y-cuchareo\\\/#breadcrumb\",\"itemListElement\":[{\"@type\":\"ListItem\",\"position\":1,\"name\":\"Portada\",\"item\":\"https:\\\/\\\/www.alimentoslapedriza.com\\\/en\\\/\"},{\"@type\":\"ListItem\",\"position\":2,\"name\":\"Fr\u00edo y Cuchareo\"}]},{\"@type\":\"WebSite\",\"@id\":\"https:\\\/\\\/www.alimentoslapedriza.com\\\/en\\\/#website\",\"url\":\"https:\\\/\\\/www.alimentoslapedriza.com\\\/en\\\/\",\"name\":\"Alimentos La Pedriza\",\"description\":\"Legumbres La Pedriza | Take your time\",\"publisher\":{\"@id\":\"https:\\\/\\\/www.alimentoslapedriza.com\\\/en\\\/#organization\"},\"potentialAction\":[{\"@type\":\"SearchAction\",\"target\":{\"@type\":\"EntryPoint\",\"urlTemplate\":\"https:\\\/\\\/www.alimentoslapedriza.com\\\/en\\\/?s={search_term_string}\"},\"query-input\":{\"@type\":\"PropertyValueSpecification\",\"valueRequired\":true,\"valueName\":\"search_term_string\"}}],\"inLanguage\":\"es\"},{\"@type\":\"Organization\",\"@id\":\"https:\\\/\\\/www.alimentoslapedriza.com\\\/en\\\/#organization\",\"name\":\"Alimentos La Pedriza\",\"url\":\"https:\\\/\\\/www.alimentoslapedriza.com\\\/en\\\/\",\"logo\":{\"@type\":\"ImageObject\",\"inLanguage\":\"es\",\"@id\":\"https:\\\/\\\/www.alimentoslapedriza.com\\\/en\\\/#\\\/schema\\\/logo\\\/image\\\/\",\"url\":\"https:\\\/\\\/www.alimentoslapedriza.com\\\/en\\\/wp-content\\\/uploads\\\/sites\\\/11\\\/2023\\\/08\\\/Logo-casa-vertical-26.png\",\"contentUrl\":\"https:\\\/\\\/www.alimentoslapedriza.com\\\/en\\\/wp-content\\\/uploads\\\/sites\\\/11\\\/2023\\\/08\\\/Logo-casa-vertical-26.png\",\"width\":512,\"height\":398,\"caption\":\"Alimentos La Pedriza\"},\"image\":{\"@id\":\"https:\\\/\\\/www.alimentoslapedriza.com\\\/en\\\/#\\\/schema\\\/logo\\\/image\\\/\"}},{\"@type\":\"Person\",\"@id\":\"https:\\\/\\\/www.alimentoslapedriza.com\\\/en\\\/#\\\/schema\\\/person\\\/33591e0e18f812251967156e9f483659\",\"name\":\"iBrenoc\",\"image\":{\"@type\":\"ImageObject\",\"inLanguage\":\"es\",\"@id\":\"https:\\\/\\\/secure.gravatar.com\\\/avatar\\\/a933354c7a617a984d8fbf8e98e5511c48f16e03dd9bddfdec0ddefe88c3fada?s=96&d=mm&r=g\",\"url\":\"https:\\\/\\\/secure.gravatar.com\\\/avatar\\\/a933354c7a617a984d8fbf8e98e5511c48f16e03dd9bddfdec0ddefe88c3fada?s=96&d=mm&r=g\",\"contentUrl\":\"https:\\\/\\\/secure.gravatar.com\\\/avatar\\\/a933354c7a617a984d8fbf8e98e5511c48f16e03dd9bddfdec0ddefe88c3fada?s=96&d=mm&r=g\",\"caption\":\"iBrenoc\"},\"sameAs\":[\"https:\\\/\\\/www.alimentoslapedriza.com\"],\"url\":\"https:\\\/\\\/www.alimentoslapedriza.com\\\/en\\\/blog\\\/author\\\/ibrenoc\\\/\"}]}<\/script>\n<!-- \/ Yoast SEO plugin. -->","yoast_head_json":{"title":"Fr\u00edo y Cuchareo - Alimentos La Pedriza","robots":{"index":"index","follow":"follow","max-snippet":"max-snippet:-1","max-image-preview":"max-image-preview:large","max-video-preview":"max-video-preview:-1"},"canonical":"https:\/\/www.alimentoslapedriza.com\/en\/blog\/frio-y-cuchareo\/","og_locale":"es_ES","og_type":"article","og_title":"Fr\u00edo y Cuchareo - Alimentos La Pedriza","og_description":"Llega el fr\u00edo y, para combatirlo, una de las mejores armas es\u2026 \u00a1La cuchara! Y es que con este tiempo vuelven las ganas de un plato bien calentito para sobrellevarlo a la hora de comer. Vuelve la \u00e9poca de los pucheros de la abuela, de las lentejas de la suegra, de los cocidos familiares\u2026 Vuelve [&hellip;]","og_url":"https:\/\/www.alimentoslapedriza.com\/en\/blog\/frio-y-cuchareo\/","og_site_name":"Alimentos La Pedriza","article_published_time":"2015-10-28T12:37:31+00:00","article_modified_time":"2023-09-25T07:30:06+00:00","og_image":[{"width":2048,"height":1042,"url":"https:\/\/www.alimentoslapedriza.com\/en\/wp-content\/uploads\/sites\/11\/2015\/10\/slide12.jpg","type":"image\/jpeg"}],"author":"iBrenoc","twitter_card":"summary_large_image","twitter_misc":{"Escrito por":"iBrenoc","Tiempo de lectura":"1 minuto"},"schema":{"@context":"https:\/\/schema.org","@graph":[{"@type":"Article","@id":"https:\/\/www.alimentoslapedriza.com\/en\/blog\/frio-y-cuchareo\/#article","isPartOf":{"@id":"https:\/\/www.alimentoslapedriza.com\/en\/blog\/frio-y-cuchareo\/"},"author":{"name":"iBrenoc","@id":"https:\/\/www.alimentoslapedriza.com\/en\/#\/schema\/person\/33591e0e18f812251967156e9f483659"},"headline":"Fr\u00edo y Cuchareo","datePublished":"2015-10-28T12:37:31+00:00","dateModified":"2023-09-25T07:30:06+00:00","mainEntityOfPage":{"@id":"https:\/\/www.alimentoslapedriza.com\/en\/blog\/frio-y-cuchareo\/"},"wordCount":155,"commentCount":0,"publisher":{"@id":"https:\/\/www.alimentoslapedriza.com\/en\/#organization"},"image":{"@id":"https:\/\/www.alimentoslapedriza.com\/en\/blog\/frio-y-cuchareo\/#primaryimage"},"thumbnailUrl":"https:\/\/www.alimentoslapedriza.com\/en\/wp-content\/uploads\/sites\/11\/2015\/10\/slide12.jpg","keywords":["caliente","cuchara","cuchareo","frio"],"articleSection":["Blog","Ni\u00f1os"],"inLanguage":"es","potentialAction":[{"@type":"CommentAction","name":"Comment","target":["https:\/\/www.alimentoslapedriza.com\/en\/blog\/frio-y-cuchareo\/#respond"]}]},{"@type":"WebPage","@id":"https:\/\/www.alimentoslapedriza.com\/en\/blog\/frio-y-cuchareo\/","url":"https:\/\/www.alimentoslapedriza.com\/en\/blog\/frio-y-cuchareo\/","name":"Fr\u00edo y Cuchareo - Alimentos La Pedriza","isPartOf":{"@id":"https:\/\/www.alimentoslapedriza.com\/en\/#website"},"primaryImageOfPage":{"@id":"https:\/\/www.alimentoslapedriza.com\/en\/blog\/frio-y-cuchareo\/#primaryimage"},"image":{"@id":"https:\/\/www.alimentoslapedriza.com\/en\/blog\/frio-y-cuchareo\/#primaryimage"},"thumbnailUrl":"https:\/\/www.alimentoslapedriza.com\/en\/wp-content\/uploads\/sites\/11\/2015\/10\/slide12.jpg","datePublished":"2015-10-28T12:37:31+00:00","dateModified":"2023-09-25T07:30:06+00:00","breadcrumb":{"@id":"https:\/\/www.alimentoslapedriza.com\/en\/blog\/frio-y-cuchareo\/#breadcrumb"},"inLanguage":"es","potentialAction":[{"@type":"ReadAction","target":["https:\/\/www.alimentoslapedriza.com\/en\/blog\/frio-y-cuchareo\/"]}]},{"@type":"ImageObject","inLanguage":"es","@id":"https:\/\/www.alimentoslapedriza.com\/en\/blog\/frio-y-cuchareo\/#primaryimage","url":"https:\/\/www.alimentoslapedriza.com\/en\/wp-content\/uploads\/sites\/11\/2015\/10\/slide12.jpg","contentUrl":"https:\/\/www.alimentoslapedriza.com\/en\/wp-content\/uploads\/sites\/11\/2015\/10\/slide12.jpg","width":2048,"height":1042},{"@type":"BreadcrumbList","@id":"https:\/\/www.alimentoslapedriza.com\/en\/blog\/frio-y-cuchareo\/#breadcrumb","itemListElement":[{"@type":"ListItem","position":1,"name":"Portada","item":"https:\/\/www.alimentoslapedriza.com\/en\/"},{"@type":"ListItem","position":2,"name":"Fr\u00edo y Cuchareo"}]},{"@type":"WebSite","@id":"https:\/\/www.alimentoslapedriza.com\/en\/#website","url":"https:\/\/www.alimentoslapedriza.com\/en\/","name":"Alimentos La Pedriza","description":"Legumbres La Pedriza | Take your time","publisher":{"@id":"https:\/\/www.alimentoslapedriza.com\/en\/#organization"},"potentialAction":[{"@type":"SearchAction","target":{"@type":"EntryPoint","urlTemplate":"https:\/\/www.alimentoslapedriza.com\/en\/?s={search_term_string}"},"query-input":{"@type":"PropertyValueSpecification","valueRequired":true,"valueName":"search_term_string"}}],"inLanguage":"es"},{"@type":"Organization","@id":"https:\/\/www.alimentoslapedriza.com\/en\/#organization","name":"Alimentos La Pedriza","url":"https:\/\/www.alimentoslapedriza.com\/en\/","logo":{"@type":"ImageObject","inLanguage":"es","@id":"https:\/\/www.alimentoslapedriza.com\/en\/#\/schema\/logo\/image\/","url":"https:\/\/www.alimentoslapedriza.com\/en\/wp-content\/uploads\/sites\/11\/2023\/08\/Logo-casa-vertical-26.png","contentUrl":"https:\/\/www.alimentoslapedriza.com\/en\/wp-content\/uploads\/sites\/11\/2023\/08\/Logo-casa-vertical-26.png","width":512,"height":398,"caption":"Alimentos La Pedriza"},"image":{"@id":"https:\/\/www.alimentoslapedriza.com\/en\/#\/schema\/logo\/image\/"}},{"@type":"Person","@id":"https:\/\/www.alimentoslapedriza.com\/en\/#\/schema\/person\/33591e0e18f812251967156e9f483659","name":"iBrenoc","image":{"@type":"ImageObject","inLanguage":"es","@id":"https:\/\/secure.gravatar.com\/avatar\/a933354c7a617a984d8fbf8e98e5511c48f16e03dd9bddfdec0ddefe88c3fada?s=96&d=mm&r=g","url":"https:\/\/secure.gravatar.com\/avatar\/a933354c7a617a984d8fbf8e98e5511c48f16e03dd9bddfdec0ddefe88c3fada?s=96&d=mm&r=g","contentUrl":"https:\/\/secure.gravatar.com\/avatar\/a933354c7a617a984d8fbf8e98e5511c48f16e03dd9bddfdec0ddefe88c3fada?s=96&d=mm&r=g","caption":"iBrenoc"},"sameAs":["https:\/\/www.alimentoslapedriza.com"],"url":"https:\/\/www.alimentoslapedriza.com\/en\/blog\/author\/ibrenoc\/"}]}},"_links":{"self":[{"href":"https:\/\/www.alimentoslapedriza.com\/en\/wp-json\/wp\/v2\/posts\/846","targetHints":{"allow":["GET"]}}],"collection":[{"href":"https:\/\/www.alimentoslapedriza.com\/en\/wp-json\/wp\/v2\/posts"}],"about":[{"href":"https:\/\/www.alimentoslapedriza.com\/en\/wp-json\/wp\/v2\/types\/post"}],"author":[{"embeddable":true,"href":"https:\/\/www.alimentoslapedriza.com\/en\/wp-json\/wp\/v2\/users\/1"}],"replies":[{"embeddable":true,"href":"https:\/\/www.alimentoslapedriza.com\/en\/wp-json\/wp\/v2\/comments?post=846"}],"version-history":[{"count":1,"href":"https:\/\/www.alimentoslapedriza.com\/en\/wp-json\/wp\/v2\/posts\/846\/revisions"}],"predecessor-version":[{"id":2045,"href":"https:\/\/www.alimentoslapedriza.com\/en\/wp-json\/wp\/v2\/posts\/846\/revisions\/2045"}],"wp:featuredmedia":[{"embeddable":true,"href":"https:\/\/www.alimentoslapedriza.com\/en\/wp-json\/wp\/v2\/media\/2044"}],"wp:attachment":[{"href":"https:\/\/www.alimentoslapedriza.com\/en\/wp-json\/wp\/v2\/media?parent=846"}],"wp:term":[{"taxonomy":"category","embeddable":true,"href":"https:\/\/www.alimentoslapedriza.com\/en\/wp-json\/wp\/v2\/categories?post=846"},{"taxonomy":"post_tag","embeddable":true,"href":"https:\/\/www.alimentoslapedriza.com\/en\/wp-json\/wp\/v2\/tags?post=846"}],"curies":[{"name":"wp","href":"https:\/\/api.w.org\/{rel}","templated":true}]}}